{"id":1395,"date":"2015-10-16T15:10:36","date_gmt":"2015-10-16T18:10:36","guid":{"rendered":"http:\/\/www.luchiari.com.br\/blog-paraquedismo\/?p=1395"},"modified":"2016-04-07T16:58:08","modified_gmt":"2016-04-07T19:58:08","slug":"dz-manaus-amazonas","status":"publish","type":"post","link":"https:\/\/www.luchiari.com.br\/blog-paraquedismo\/dz-manaus-amazonas\/","title":{"rendered":"DZ Manaus &#8211; Amazonas"},"content":{"rendered":"<p>Com um visual incr\u00edvel, a \u00e1rea de salto de Manaus est\u00e1 localizada praticamente no centro geogr\u00e1fico da capital amazonense. Em queda livre e com o paraquedas aberto, \u00e9 poss\u00edvel vislumbrar a cidade inteira do alto e seus principais pontos tur\u00edsticos, como a praia da Ponta Negra, o rio Tarum\u00e3-A\u00e7u, a ponte estaiada\u00a0 sobre o rio Negro, o famoso encontro das \u00e1guas do rio Negro com o rio Solim\u00f5es, a arena da Amaz\u00f4nia (sede de jogos da Copa do Mundo de 2014) e seus muitos parques estaduais e \u00e1reas verdes. O voo at\u00e9 o PS garante paisagens sensacionais sobre o rio Negro e quando realizado no final da tarde proporciona a vista de um dos mais bonitos p\u00f4r do Sol do Brasil, segundo recente vota\u00e7\u00e3o (4\u00ba lugar) realizada pelo programa Fant\u00e1stico da rede Globo de Televis\u00e3o.<\/p>\n<p><a href=\"http:\/\/www.luchiari.com.br\/blog-paraquedismo\/wp-content\/uploads\/2015\/10\/Atleta-Danielle-Costa-Foto-By-Joelson-Melo-www-luchiari-com-br.jpg\" target=\"_blank\"><img loading=\"lazy\" decoding=\"async\" class=\"alignnone size-medium wp-image-1396\" alt=\"Atleta Danielle Costa Foto By Joelson Melo www luchiari com br\" src=\"http:\/\/www.luchiari.com.br\/blog-paraquedismo\/wp-content\/uploads\/2015\/10\/Atleta-Danielle-Costa-Foto-By-Joelson-Melo-www-luchiari-com-br-300x200.jpg\" width=\"300\" height=\"200\" srcset=\"https:\/\/www.luchiari.com.br\/blog-paraquedismo\/wp-content\/uploads\/2015\/10\/Atleta-Danielle-Costa-Foto-By-Joelson-Melo-www-luchiari-com-br-300x200.jpg 300w, https:\/\/www.luchiari.com.br\/blog-paraquedismo\/wp-content\/uploads\/2015\/10\/Atleta-Danielle-Costa-Foto-By-Joelson-Melo-www-luchiari-com-br.jpg 960w\" sizes=\"(max-width: 300px) 100vw, 300px\" \/><\/a><br \/>\n<em>Atleta Danielle Costa<\/em><br \/>\n<em> Foto Joelson Melo<\/em><\/p>\n<p style=\"text-align: justify;\">A DZ est\u00e1 localizada no Aeroclube do Amazonas, no bairro das Flores, regi\u00e3o central da cidade, a apenas 3 Km do centro. O espa\u00e7o conta com tr\u00eas escolas, \u00a0que oferecem cursos e servi\u00e7os de paraquedismo, saltos duplos, cursos de AFF e Wingsuit.<\/p>\n<p style=\"text-align: justify;\">A \u00e1rea \u00e9 restrita em raz\u00e3o da alta densidade urbana ao seu redor, por isso h\u00e1 regras r\u00edgidas de seguran\u00e7a e de navega\u00e7\u00e3o e n\u00e3o h\u00e1 muitas alternativas secund\u00e1rias, de forma que os lan\u00e7amentos ocorrem sempre com condi\u00e7\u00f5es de tempo ideais. O PS \u00e9 muito preciso, coordenado por GPS e tamb\u00e9m visualmente pelo RTA e raramente ocorrem pousos fora da \u00e1rea.<\/p>\n<p><a href=\"http:\/\/www.luchiari.com.br\/blog-paraquedismo\/wp-content\/uploads\/2015\/10\/Atleta-Paula-Quint\u00e3o-Foto-Alisson-de-Vargas-www-luchiari-com-br.jpg\" target=\"_blank\"><img loading=\"lazy\" decoding=\"async\" class=\"alignnone  wp-image-1397\" alt=\"Atleta Paula Quint\u00e3o Foto  Alisson de Vargas www luchiari com br\" src=\"http:\/\/www.luchiari.com.br\/blog-paraquedismo\/wp-content\/uploads\/2015\/10\/Atleta-Paula-Quint\u00e3o-Foto-Alisson-de-Vargas-www-luchiari-com-br-300x225.jpg\" width=\"300\" height=\"200\" \/><br \/>\n<\/a><em>Atleta Paula Quint\u00e3o<\/em><br \/>\n<em> Foto\u00a0 Alisson de Vargas<a href=\"http:\/\/www.luchiari.com.br\/blog-paraquedismo\/wp-content\/uploads\/2015\/10\/Atleta-Paula-Quint\u00e3o-Foto-Alisson-de-Vargas-www-luchiari-com-br.jpg\" target=\"_blank\"><br \/>\n<\/a><\/em><br \/>\nA \u00e1rea de dobragem \u00e9 ampla e o staff muito bem treinado, garantindo sempre boas aberturas. H\u00e1 mockup do Caravan e carrinhos para treinamentos em solo.<\/p>\n<p>N\u00e3o h\u00e1 local de hospedagem dentro da \u00e1rea de saltos, contudo, pela proximidade do centro da cidade, \u00e9 poss\u00edvel ficar em hot\u00e9is ou pousadas em locais pr\u00f3ximos. E por esse mesmo motivo, a \u00e1rea \u00e9 ponto de encontro de paraquedistas, com churrascos semanais as quartas-feiras, e nos s\u00e1bados e domingos a noite \u00e9 certa a presen\u00e7a de muitos amigos da comunidade pqd.<\/p>\n<p style=\"text-align: justify;\">Na \u00e1rea h\u00e1 estacionamento pr\u00f3prio e um bar restaurante (Aerobis) com ambiente interno e externo de onde \u00e9 poss\u00edvel ver toda a opera\u00e7\u00e3o do Aeroclube, h\u00e1 tamb\u00e9m o SkyBar que aos finais de semana oferece almo\u00e7o caseiro de qualidade com m\u00e9dia de R$12,00 o prato.<\/p>\n<p style=\"text-align: justify;\"><a href=\"http:\/\/www.luchiari.com.br\/blog-paraquedismo\/wp-content\/uploads\/2015\/10\/DZ-Manaus-Cr\u00e9dito-Vertical-Fly-www-luchiari-com-br.jpg\" target=\"_blank\"><img loading=\"lazy\" decoding=\"async\" class=\"alignnone  wp-image-1398\" alt=\"DZ Manaus Cr\u00e9dito Vertical Fly www luchiari com br\" src=\"http:\/\/www.luchiari.com.br\/blog-paraquedismo\/wp-content\/uploads\/2015\/10\/DZ-Manaus-Cr\u00e9dito-Vertical-Fly-www-luchiari-com-br-300x169.jpg\" width=\"300\" height=\"200\" \/><\/a><br \/>\n<em>DZ Manaus Cr\u00e9dito Vertical Fly<\/em><\/p>\n<p><b>Aeronaves:<\/b><br \/>\nCessna 210<br \/>\nCessna C208 Caravan<\/p>\n<p><b>Valor da Vaga:<\/b><br \/>\nR$ 145,00 (12.000 ft \/ Caravan);<br \/>\nR$ 145,00 (10.000 ft \/ 210);<br \/>\nR$ 80,00 (6.000 ft).<\/p>\n<p><b>Aluguel de equipamento: <\/b>R$ 80,00<\/p>\n<p><b>Valor da dobragem: <\/b>R$ 10,00<\/p>\n<p><b>Salto duplo: <\/b>A partir de R$ 580,00<\/p>\n<p><em>Todos os valores est\u00e3o sujeitos a altera\u00e7\u00f5es.<\/em><\/p>\n<p><b>\u00a0<\/b><\/p>\n<p><b>Hor\u00e1rio de funcionamento: <\/b>Todos os dias, do nascer ao p\u00f4r do Sol.<\/p>\n<p><b>Endere\u00e7o: <\/b>Avenida Professor Nilton Lins, n\u00ba 300. Flores<\/p>\n<p><b>Telefone:<\/b> +55 (92) 3651-1608<\/p>\n<p>*<em>Localizado a<\/em><i> 8,5\u00a0km do Aeroporto Internacional Eduardo Gomes &#8211; Avenida Santos Dumont, 1350 &#8211; Tarum\u00e3, Manaus &#8211; AM, 69041-000<\/i><\/p>\n<p style=\"text-align: justify;\"><b>Manaus:<br \/>\n<\/b><br \/>\nCapital do Amazonas, est\u00e1 localizada no centro da floresta amaz\u00f4nica e surpreende pelo desenvolvimento urbano. \u00c9 a s\u00e9tima maior capital brasileira e a 13\u00aa economia brasileira entre os Estados gra\u00e7as \u00e0 Zona Franca de Manaus. \u00c9 uma cidade hist\u00f3ria, fundada em 1669, com seus palacetes e casas seculares bem preservadas, o famoso Teatro Amazonas e bel\u00edssimas paisagens naturais, como o encontro das \u00e1guas e a extensa cobertura vegetal. Est\u00e1 localizada precisamente em frente ao encontro das \u00e1guas do rio Negro e rio Solim\u00f5es que a partir desse ponto formam o Rio Amazonas, o maior rio de \u00e1gua doce do mundo.<\/p>\n<p>&nbsp;<\/p>\n<p><b>Caracter\u00edsticas geogr\u00e1ficas<\/b><\/p>\n<p>\u00c1rea: 11.401,092 km\u00b2<br \/>\nAltitude: 92 m<br \/>\nDensidade: 162,09 hab.\/km\u00b2<br \/>\nPopula\u00e7\u00e3o Estimada: 2.057.711 habitantes (<a href=\"http:\/\/cod.ibge.gov.br\/232HE\" target=\"_blank\">IBGE<\/a>)<br \/>\nClima: Tropical \u00damido<\/p>\n<p><b>Localizador GPS:<\/b><\/p>\n<p><a href=\"https:\/\/tools.wmflabs.org\/geohack\/geohack.php?language=pt&amp;pagename=Manaus&amp;params=3_6_0_S_60_01_0_W_type:city_region:BR_scale:75000\" target=\"_blank\">3\u00b0 6&#8242; 0&#8243; S 60\u00b0 01&#8242; 0&#8243; O<\/a><\/p>\n<p>&nbsp;<\/p>\n<p>Explore novas \u00e1reas, voc\u00ea ir\u00e1 se surpreender, nosso pa\u00eds \u00e9 incr\u00edvel !!!<\/p>\n<p><em><b>#voeazul\u00a0<\/b><\/em><strong> <\/strong><br \/>\nA Azul Linhas A\u00e9reas conecta voc\u00ea a mais de 100 destinos. Azul. Voc\u00ea l\u00e1 em cima.<\/p>\n<p><em>Support:<\/em> <a href=\"https:\/\/www.facebook.com\/skyhelpparachutes\" target=\"_blank\">Sky Help Parachute Servi\u00e7es<br \/>\n<\/a><em>Apoio:<\/em> <a href=\"http:\/\/www.rawa.com.br\/Rawa_Capacetes\/Bem-vindos.html\" target=\"_blank\">Rawa Helmets<\/a><br \/>\n<i>Correspondente:<\/i> <a href=\"https:\/\/www.facebook.com\/leonardo.blasch?fref=ts\" target=\"_blank\">Leonardo Blasch<\/a><\/p>\n<p><strong><i>Links relacionados<\/i><\/strong><\/p>\n<p><a href=\"http:\/\/www.luchiari.com.br\/blog-paraquedismo\/?p=593\" target=\"_blank\">Gloss\u00e1rio<\/a><a href=\"http:\/\/www.luchiari.com.br\/blog-paraquedismo\/?p=593\" target=\"_blank\"><br \/>\n<\/a><br \/>\n<a href=\"http:\/\/www.luchiari.com.br\/blog-paraquedismo\/?cat=65\" target=\"_blank\"> \u00c1reas no Brasil<\/a><a href=\"http:\/\/www.luchiari.com.br\/blog-paraquedismo\/?cat=65\" target=\"_blank\"><\/p>\n<p><\/a><a href=\"https:\/\/www.facebook.com\/skydiveonline\/?fref=ts\" target=\"_blank\"><strong>Equipe Skydive Online<\/strong><\/a><\/p>\n<p>&nbsp;<\/p>\n","protected":false},"excerpt":{"rendered":"<p>Com um visual incr\u00edvel, a \u00e1rea de salto de Manaus est\u00e1 localizada praticamente no centro geogr\u00e1fico da capital amazonense. Em queda livre e com o paraquedas aberto, \u00e9 poss\u00edvel vislumbrar a cidade inteira do alto e seus principais pontos tur\u00edsticos, &hellip; <a href=\"https:\/\/www.luchiari.com.br\/blog-paraquedismo\/dz-manaus-amazonas\/\">Continue lendo <span class=\"meta-nav\">&rarr;<\/span><\/a><\/p>\n","protected":false},"author":1,"featured_media":0,"comment_status":"closed","ping_status":"closed","sticky":false,"template":"","format":"standard","meta":{"footnotes":""},"categories":[65],"tags":[106,107,105],"class_list":["post-1395","post","type-post","status-publish","format-standard","hentry","category-areas-brasil","tag-amazonas","tag-floresta","tag-manaus"],"_links":{"self":[{"href":"https:\/\/www.luchiari.com.br\/blog-paraquedismo\/wp-json\/wp\/v2\/posts\/1395"}],"collection":[{"href":"https:\/\/www.luchiari.com.br\/blog-paraquedismo\/wp-json\/wp\/v2\/posts"}],"about":[{"href":"https:\/\/www.luchiari.com.br\/blog-paraquedismo\/wp-json\/wp\/v2\/types\/post"}],"author":[{"embeddable":true,"href":"https:\/\/www.luchiari.com.br\/blog-paraquedismo\/wp-json\/wp\/v2\/users\/1"}],"replies":[{"embeddable":true,"href":"https:\/\/www.luchiari.com.br\/blog-paraquedismo\/wp-json\/wp\/v2\/comments?post=1395"}],"version-history":[{"count":4,"href":"https:\/\/www.luchiari.com.br\/blog-paraquedismo\/wp-json\/wp\/v2\/posts\/1395\/revisions"}],"predecessor-version":[{"id":1634,"href":"https:\/\/www.luchiari.com.br\/blog-paraquedismo\/wp-json\/wp\/v2\/posts\/1395\/revisions\/1634"}],"wp:attachment":[{"href":"https:\/\/www.luchiari.com.br\/blog-paraquedismo\/wp-json\/wp\/v2\/media?parent=1395"}],"wp:term":[{"taxonomy":"category","embeddable":true,"href":"https:\/\/www.luchiari.com.br\/blog-paraquedismo\/wp-json\/wp\/v2\/categories?post=1395"},{"taxonomy":"post_tag","embeddable":true,"href":"https:\/\/www.luchiari.com.br\/blog-paraquedismo\/wp-json\/wp\/v2\/tags?post=1395"}],"curies":[{"name":"wp","href":"https:\/\/api.w.org\/{rel}","templated":true}]}}